{"id":7399,"date":"2017-05-06T17:15:46","date_gmt":"2017-05-06T15:15:46","guid":{"rendered":"https:\/\/www.ifzw-impulsstiftung.de\/?p=7399"},"modified":"2021-05-06T20:00:14","modified_gmt":"2021-05-06T18:00:14","slug":"sommerferienprogramm-handmade-2017","status":"publish","type":"post","link":"https:\/\/www.ifzw-impulsstiftung.de\/en\/sommerferienprogramm-handmade-2017\/","title":{"rendered":"HANDMADE PROJEKT WOCHEN 2017"},"content":{"rendered":"<div data-elementor-type=\"wp-post\" data-elementor-id=\"7399\" class=\"elementor elementor-7399\" data-elementor-post-type=\"post\">\n\t\t\t\t\t\t<section class=\"has_eae_slider elementor-section elementor-top-section elementor-element elementor-element-1d888de elementor-section-boxed elementor-section-height-default elementor-section-height-default\" data-eae-slider=\"36120\" data-id=\"1d888de\" data-element_type=\"section\" data-e-type=\"section\" data-settings=\"{&quot;background_background&quot;:&quot;classic&quot;}\">\n\t\t\t\t\t\t<div class=\"elementor-container elementor-column-gap-default\">\n\t\t\t\t\t<div class=\"has_eae_slider elementor-column elementor-col-100 elementor-top-column elementor-element elementor-element-e05f745\" data-eae-slider=\"35235\" data-id=\"e05f745\" data-element_type=\"column\" data-e-type=\"column\">\n\t\t\t<div class=\"elementor-widget-wrap elementor-element-populated\">\n\t\t\t\t\t\t<section class=\"has_eae_slider elementor-section elementor-inner-section elementor-element elementor-element-9a0a3bf elementor-reverse-tablet elementor-reverse-mobile elementor-section-boxed elementor-section-height-default elementor-section-height-default\" data-eae-slider=\"21152\" data-id=\"9a0a3bf\" data-element_type=\"section\" data-e-type=\"section\">\n\t\t\t\t\t\t<div class=\"elementor-container elementor-column-gap-default\">\n\t\t\t\t\t<div class=\"has_eae_slider elementor-column elementor-col-50 elementor-inner-column elementor-element elementor-element-679ca14\" data-eae-slider=\"44470\" data-id=\"679ca14\" data-element_type=\"column\" data-e-type=\"column\">\n\t\t\t<div class=\"elementor-widget-wrap elementor-element-populated\">\n\t\t\t\t\t\t<div class=\"elementor-element elementor-element-a0f836b elementor-widget elementor-widget-text-editor\" data-id=\"a0f836b\" data-element_type=\"widget\" data-e-type=\"widget\" data-widget_type=\"text-editor.default\">\n\t\t\t\t<div class=\"elementor-widget-container\">\n\t\t\t\t\t\t\t\t\t<p>Die Handmade Projektwochen (26.6.-30.6. &amp; 3.7.-7.7.2017) gingen in die n\u00e4chste Runde!<\/p>\t\t\t\t\t\t\t\t<\/div>\n\t\t\t\t<\/div>\n\t\t\t\t<div class=\"elementor-element elementor-element-7abb194 elementor-widget elementor-widget-text-editor\" data-id=\"7abb194\" data-element_type=\"widget\" data-e-type=\"widget\" data-widget_type=\"text-editor.default\">\n\t\t\t\t<div class=\"elementor-widget-container\">\n\t\t\t\t\t\t\t\t\t<div title=\"Page 21\"><div><div><div><p><strong>Aus insgesamt f\u00fcnf verschiedenen Workshops konnten sich Kinder ihren\u00a0 Liebling heraussuchen und sich den verschiedensten Themen widmen.<\/strong><\/p><p>Wir wollen Kinder und Jugendliche bef\u00e4higen in ihrer Alltagswelt selbstst\u00e4ndig mit Materialien zu arbeiten und sch\u00f6pferisch Neues zu entwickeln. Mit den au\u00dferschulischen Ma\u00dfnahmen wollen wir Kinder und Jugendliche zwischen 10-16 Jahre aus bildungsbenachteiligten Hintergr\u00fcnden ansprechen.<\/p><\/div><\/div><\/div><\/div>\t\t\t\t\t\t\t\t<\/div>\n\t\t\t\t<\/div>\n\t\t\t\t\t<\/div>\n\t\t<\/div>\n\t\t\t\t<div class=\"has_eae_slider elementor-column elementor-col-50 elementor-inner-column elementor-element elementor-element-44ec4f0\" data-eae-slider=\"1863\" data-id=\"44ec4f0\" data-element_type=\"column\" data-e-type=\"column\">\n\t\t\t<div class=\"elementor-widget-wrap elementor-element-populated\">\n\t\t\t\t\t\t<div class=\"elementor-element elementor-element-0a0eee4 elementor-widget__width-initial elementor-widget-tablet__width-initial elementor-widget-mobile__width-initial elementor-widget elementor-widget-spacer\" data-id=\"0a0eee4\" data-element_type=\"widget\" data-e-type=\"widget\" data-widget_type=\"spacer.default\">\n\t\t\t\t<div class=\"elementor-widget-container\">\n\t\t\t\t\t\t\t<div class=\"elementor-spacer\">\n\t\t\t<div class=\"elementor-spacer-inner\"><\/div>\n\t\t<\/div>\n\t\t\t\t\t\t<\/div>\n\t\t\t\t<\/div>\n\t\t\t\t<div class=\"elementor-element elementor-element-caaeef9 elementor-widget__width-initial elementor-absolute elementor-widget-mobile__width-initial elementor-widget elementor-widget-heading\" data-id=\"caaeef9\" data-element_type=\"widget\" data-e-type=\"widget\" data-settings=\"{&quot;_position&quot;:&quot;absolute&quot;}\" data-widget_type=\"heading.default\">\n\t\t\t\t<div class=\"elementor-widget-container\">\n\t\t\t\t\t<h2 class=\"elementor-heading-title elementor-size-default\">HANDMADE PROJEKT-WOCHEN\n2017<\/h2>\t\t\t\t<\/div>\n\t\t\t\t<\/div>\n\t\t\t\t\t<\/div>\n\t\t<\/div>\n\t\t\t\t\t<\/div>\n\t\t<\/section>\n\t\t\t\t<section class=\"has_eae_slider elementor-section elementor-inner-section elementor-element elementor-element-91ba730 elementor-section-boxed elementor-section-height-default elementor-section-height-default\" data-eae-slider=\"44099\" data-id=\"91ba730\" data-element_type=\"section\" data-e-type=\"section\" id=\"mehr-lesen\">\n\t\t\t\t\t\t<div class=\"elementor-container elementor-column-gap-default\">\n\t\t\t\t\t<div class=\"has_eae_slider elementor-column elementor-col-100 elementor-inner-column elementor-element elementor-element-b4e8507\" data-eae-slider=\"39973\" data-id=\"b4e8507\" data-element_type=\"column\" data-e-type=\"column\">\n\t\t\t<div class=\"elementor-widget-wrap elementor-element-populated\">\n\t\t\t\t\t\t<div class=\"elementor-element elementor-element-0472c9e elementor-widget elementor-widget-text-editor\" data-id=\"0472c9e\" data-element_type=\"widget\" data-e-type=\"widget\" data-widget_type=\"text-editor.default\">\n\t\t\t\t<div class=\"elementor-widget-container\">\n\t\t\t\t\t\t\t\t\t<p>Am Ende der Projekte werden sie selbstst\u00e4ndig Objekte (z. B. B\u00f6gen, Trommeln, Gen\u00e4htes etc.) erarbeitet haben. Das Projekt hat dabei zwei Seiten. Zum einen wird im Zuge der anstehenden 900 Jahre Stadtfeier von Zwickau, ein historisches Dorf erbaut. Dabei werden alte Kulturtechniken wiederentdeckt die regional benutzt werden. Anl\u00e4sslich des Stadtjubil\u00e4um, wird es zu einer verst\u00e4rkten Aufmerksamkeit regionalen Wissens kommen. Auf der anderen Seite hat sich das B\u00fcndnis f\u00fcr Bildung in der Region mit dem Themenschwerpunkt \u201eGlobales Lernen\u201c auseinandergesetzt. Das bedeutet, dass jeglichem Handeln immer eine globale Perspektive innewohnt. Diese wollen wir in der Ma\u00dfnahme\u00a0 reflektieren, um aktuelle globale\u00a0 Themenprozesse mit einbinden zu k\u00f6nnen. Dazu geh\u00f6rt, z.B. die Frage, f\u00fcr einen Upcyclingworkshop \u2013 wo kommen die Rohstoffe her? Im Zuge der aktuellen Migrationsbewegung sind Ursachen, Hintergr\u00fcnde und Handlungsm\u00f6glichkeiten auf einer lokalen Ebene Voraussetzung, um mit den Prozessen der Globalisierung handlungs- und l\u00f6sungsorientiert zu arbeiten.<br \/><br \/><\/p><p><strong>Partner<\/strong><\/p><p><a href=\"http:\/\/www.alter-gasometer.de\/\" target=\"_blank\" rel=\"noopener\"><img decoding=\"async\" class=\"\" src=\"https:\/\/www.ifzw-impulsstiftung.de\/wp-content\/uploads\/2021\/05\/Alter-Gasometer-Logo-300x179.jpg\" alt=\"\" width=\"223\" height=\"133\" \/><\/a><\/p><p>\u00a0<\/p><p><a href=\"http:\/\/www.lernwerkstatt-zwickau.de\/\" target=\"_blank\" rel=\"noopener\"><img decoding=\"async\" class=\"\" src=\"https:\/\/www.ifzw-impulsstiftung.de\/wp-content\/uploads\/2021\/05\/LWZ-Lernwerkstatt-Logo-300x183.jpg\" alt=\"\" width=\"221\" height=\"135\" \/><\/a><br \/><br \/><\/p><p>\u00a0<\/p><p><span style=\"font-weight: bolder;\">Gef\u00f6rdert durch:<\/span><\/p><p><img decoding=\"async\" class=\"\" src=\"https:\/\/www.ifzw-impulsstiftung.de\/wp-content\/uploads\/2021\/05\/Der-Paritaetische-Gesamtverband-Logo.gif\" alt=\"\" width=\"272\" height=\"58\" \/><\/p><p><img loading=\"lazy\" decoding=\"async\" src=\"https:\/\/www.ifzw-impulsstiftung.de\/wp-content\/uploads\/2021\/05\/Klutur-macht-stark-Logo-220x300.jpg\" alt=\"\" width=\"220\" height=\"300\" \/><\/p><p>\u00a0<\/p>\t\t\t\t\t\t\t\t<\/div>\n\t\t\t\t<\/div>\n\t\t\t\t\t<\/div>\n\t\t<\/div>\n\t\t\t\t\t<\/div>\n\t\t<\/section>\n\t\t\t\t\t<\/div>\n\t\t<\/div>\n\t\t\t\t\t<\/div>\n\t\t<\/section>\n\t\t\t\t<\/div>","protected":false},"excerpt":{"rendered":"<p>Die Handmade Projektwochen (26.6.-30.6. &#038; 3.7.-7.7.2017) gingen in die n\u00e4chste Runde!<\/p>","protected":false},"author":1,"featured_media":7656,"comment_status":"closed","ping_status":"open","sticky":false,"template":"","format":"standard","meta":{"footnotes":""},"categories":[42],"tags":[],"class_list":["post-7399","post","type-post","status-publish","format-standard","has-post-thumbnail","hentry","category-projekte-2017"],"_links":{"self":[{"href":"https:\/\/www.ifzw-impulsstiftung.de\/en\/wp-json\/wp\/v2\/posts\/7399","targetHints":{"allow":["GET"]}}],"collection":[{"href":"https:\/\/www.ifzw-impulsstiftung.de\/en\/wp-json\/wp\/v2\/posts"}],"about":[{"href":"https:\/\/www.ifzw-impulsstiftung.de\/en\/wp-json\/wp\/v2\/types\/post"}],"author":[{"embeddable":true,"href":"https:\/\/www.ifzw-impulsstiftung.de\/en\/wp-json\/wp\/v2\/users\/1"}],"replies":[{"embeddable":true,"href":"https:\/\/www.ifzw-impulsstiftung.de\/en\/wp-json\/wp\/v2\/comments?post=7399"}],"version-history":[{"count":0,"href":"https:\/\/www.ifzw-impulsstiftung.de\/en\/wp-json\/wp\/v2\/posts\/7399\/revisions"}],"wp:featuredmedia":[{"embeddable":true,"href":"https:\/\/www.ifzw-impulsstiftung.de\/en\/wp-json\/wp\/v2\/media\/7656"}],"wp:attachment":[{"href":"https:\/\/www.ifzw-impulsstiftung.de\/en\/wp-json\/wp\/v2\/media?parent=7399"}],"wp:term":[{"taxonomy":"category","embeddable":true,"href":"https:\/\/www.ifzw-impulsstiftung.de\/en\/wp-json\/wp\/v2\/categories?post=7399"},{"taxonomy":"post_tag","embeddable":true,"href":"https:\/\/www.ifzw-impulsstiftung.de\/en\/wp-json\/wp\/v2\/tags?post=7399"}],"curies":[{"name":"wp","href":"https:\/\/api.w.org\/{rel}","templated":true}]}}