{"id":4829,"date":"2021-04-25T14:53:37","date_gmt":"2021-04-25T12:53:37","guid":{"rendered":"https:\/\/www.ifzw-impulsstiftung.de\/?p=4829"},"modified":"2021-12-13T19:41:53","modified_gmt":"2021-12-13T18:41:53","slug":"projekt-malus-2021","status":"publish","type":"post","link":"https:\/\/www.ifzw-impulsstiftung.de\/en\/projekt-malus-2021\/","title":{"rendered":"PROJEKT MALUS"},"content":{"rendered":"<div data-elementor-type=\"wp-post\" data-elementor-id=\"4829\" class=\"elementor elementor-4829\" data-elementor-post-type=\"post\">\n\t\t\t\t\t\t<section class=\"has_eae_slider elementor-section elementor-top-section elementor-element elementor-element-1d888de elementor-section-boxed elementor-section-height-default elementor-section-height-default\" data-eae-slider=\"53378\" data-id=\"1d888de\" data-element_type=\"section\" data-e-type=\"section\" data-settings=\"{&quot;background_background&quot;:&quot;classic&quot;}\">\n\t\t\t\t\t\t<div class=\"elementor-container elementor-column-gap-default\">\n\t\t\t\t\t<div class=\"has_eae_slider elementor-column elementor-col-100 elementor-top-column elementor-element elementor-element-e05f745\" data-eae-slider=\"24398\" data-id=\"e05f745\" data-element_type=\"column\" data-e-type=\"column\">\n\t\t\t<div class=\"elementor-widget-wrap elementor-element-populated\">\n\t\t\t\t\t\t<section class=\"has_eae_slider elementor-section elementor-inner-section elementor-element elementor-element-9a0a3bf elementor-reverse-tablet elementor-reverse-mobile elementor-section-boxed elementor-section-height-default elementor-section-height-default\" data-eae-slider=\"60596\" data-id=\"9a0a3bf\" data-element_type=\"section\" data-e-type=\"section\">\n\t\t\t\t\t\t<div class=\"elementor-container elementor-column-gap-default\">\n\t\t\t\t\t<div class=\"has_eae_slider elementor-column elementor-col-50 elementor-inner-column elementor-element elementor-element-679ca14\" data-eae-slider=\"32605\" data-id=\"679ca14\" data-element_type=\"column\" data-e-type=\"column\">\n\t\t\t<div class=\"elementor-widget-wrap elementor-element-populated\">\n\t\t\t\t\t\t<div class=\"elementor-element elementor-element-a0f836b elementor-widget elementor-widget-text-editor\" data-id=\"a0f836b\" data-element_type=\"widget\" data-e-type=\"widget\" data-widget_type=\"text-editor.default\">\n\t\t\t\t<div class=\"elementor-widget-container\">\n\t\t\t\t\t\t\t\t\t<p>Im Jahr 2019 stimmten Vorstand und Beirat der ifzw impulsstiftung daf\u00fcr, dieses Projekt zu unterst\u00fctzen.<\/p>\t\t\t\t\t\t\t\t<\/div>\n\t\t\t\t<\/div>\n\t\t\t\t<div class=\"elementor-element elementor-element-7abb194 elementor-widget elementor-widget-text-editor\" data-id=\"7abb194\" data-element_type=\"widget\" data-e-type=\"widget\" data-widget_type=\"text-editor.default\">\n\t\t\t\t<div class=\"elementor-widget-container\">\n\t\t\t\t\t\t\t\t\t<div class=\"page\" title=\"Page 21\"><div class=\"section\"><div class=\"layoutArea\"><div class=\"column\"><p>Im Fr\u00fchjahr 2020 ist auf brachliegenden Fl\u00e4chen einer \u00f6rtlichen Kleingartenanlage eine Streuobstwiese mit alten Apfelsorten angelegt worden. Aus den Kleing\u00e4rten sollen naturnahe G\u00e4rten entstehen, welche den Erhalt der Artenvielfalt unterst\u00fctzen und im Einklang mit Umwelt, Menschen, Tieren und Pflanzen stehen.<\/p><\/div><\/div><\/div><\/div>\t\t\t\t\t\t\t\t<\/div>\n\t\t\t\t<\/div>\n\t\t\t\t\t<\/div>\n\t\t<\/div>\n\t\t\t\t<div class=\"has_eae_slider elementor-column elementor-col-50 elementor-inner-column elementor-element elementor-element-44ec4f0\" data-eae-slider=\"91016\" data-id=\"44ec4f0\" data-element_type=\"column\" data-e-type=\"column\">\n\t\t\t<div class=\"elementor-widget-wrap elementor-element-populated\">\n\t\t\t\t\t\t<div class=\"elementor-element elementor-element-0a0eee4 elementor-widget__width-initial elementor-widget-tablet__width-initial elementor-widget-mobile__width-initial elementor-widget elementor-widget-spacer\" data-id=\"0a0eee4\" data-element_type=\"widget\" data-e-type=\"widget\" data-widget_type=\"spacer.default\">\n\t\t\t\t<div class=\"elementor-widget-container\">\n\t\t\t\t\t\t\t<div class=\"elementor-spacer\">\n\t\t\t<div class=\"elementor-spacer-inner\"><\/div>\n\t\t<\/div>\n\t\t\t\t\t\t<\/div>\n\t\t\t\t<\/div>\n\t\t\t\t<div class=\"elementor-element elementor-element-caaeef9 elementor-widget__width-initial elementor-absolute elementor-widget-mobile__width-initial elementor-widget elementor-widget-heading\" data-id=\"caaeef9\" data-element_type=\"widget\" data-e-type=\"widget\" data-settings=\"{&quot;_position&quot;:&quot;absolute&quot;}\" data-widget_type=\"heading.default\">\n\t\t\t\t<div class=\"elementor-widget-container\">\n\t\t\t\t\t<h2 class=\"elementor-heading-title elementor-size-default\">PROJEKT MALUS<\/h2>\t\t\t\t<\/div>\n\t\t\t\t<\/div>\n\t\t\t\t\t<\/div>\n\t\t<\/div>\n\t\t\t\t\t<\/div>\n\t\t<\/section>\n\t\t\t\t<section class=\"has_eae_slider elementor-section elementor-inner-section elementor-element elementor-element-91ba730 elementor-section-boxed elementor-section-height-default elementor-section-height-default\" data-eae-slider=\"83635\" data-id=\"91ba730\" data-element_type=\"section\" data-e-type=\"section\">\n\t\t\t\t\t\t<div class=\"elementor-container elementor-column-gap-default\">\n\t\t\t\t\t<div class=\"has_eae_slider elementor-column elementor-col-100 elementor-inner-column elementor-element elementor-element-b4e8507\" data-eae-slider=\"87671\" data-id=\"b4e8507\" data-element_type=\"column\" data-e-type=\"column\">\n\t\t\t<div class=\"elementor-widget-wrap elementor-element-populated\">\n\t\t\t\t\t\t<div class=\"elementor-element elementor-element-0472c9e elementor-widget elementor-widget-text-editor\" data-id=\"0472c9e\" data-element_type=\"widget\" data-e-type=\"widget\" data-widget_type=\"text-editor.default\">\n\t\t\t\t<div class=\"elementor-widget-container\">\n\t\t\t\t\t\t\t\t\t<p>Die nat\u00fcrlichen Lebensr\u00e4ume der Pflanzen und Tiere sollen wiederhergestellt und gesch\u00fctzt werden \u2013 so naturnah wie m\u00f6glich und dennoch f\u00fcr den Menschen zur Weiterbildung der Naturverbundenheit zug\u00e4nglich.<\/p><p>Unter Einbeziehung und F\u00f6rderung von Kindern aus den umliegenden Kinderg\u00e4rten und Schulen beim Aufbau des Gartens sowie durch weitere Seminare und Workshops f\u00fcr Erwachsene, werden die Einwohner mit dem Umgang der Natur sensibilisiert und das Bewusstsein f\u00fcr regionale Obstsorten und die Naturverbundenheit gefestigt.<\/p><p>Themen wie Artenschutz und -kenntnis von Flora und Fauna, Natur- und Umweltschutz sollen behandelt werden. Neben dem unsch\u00e4tzbaren Wissenstransfer und -erhalt st\u00e4rkt diese generations\u00fcbergreifende Arbeit den Zusammenhalt im Ort und in der Region. Projekte zu naturnahen G\u00e4rten und Selbstversorgerg\u00e4rten gibt es im Rahmen des Urban Gartenbaus immer mehr in den St\u00e4dten. In den D\u00f6rfern g\u00e4rtnern die Menschen durch die meist vorhandenen Gr\u00fcnanlagen oftmals mehr, jedoch besteht noch eine gro\u00dfe Wissensl\u00fccke vom konventionellen\/ konservativen zum \u00f6kologischen\/ naturnahen G\u00e4rtnern. Es bedarf auch in diesem Bereich noch einiges an Umweltbildung. Selbst erfahrene G\u00e4rtner k\u00f6nnen so in dem Naturlehrgarten Wissen zu Arten-, Natur- und Umweltschutz im eigenen Leben und Garten erfahren. Durch Praxisbeispiele und die Umsetzung vor Ort soll f\u00fcr erfahrene G\u00e4rtner das naturnahe Konzept zug\u00e4nglich gemacht werden.<\/p><p>Neben der Wissensvermittlung und Umsetzung von Arten-, Naturschutz-, und Umweltschutzzielen ist ein weiteres Ziel die Vermittlung von Kompetenzen f\u00fcr die Gestaltung einer zukunftsf\u00e4higen Gesellschaft. Die Teilnehmer der Seminare sollen dazu bef\u00e4higt werden, Probleme nicht nachhaltiger Entwicklung und deren Zusammenh\u00e4nge zu erkennen, sich entsprechendes Wissen zur Probleml\u00f6sung anzueignen und individuelle sowie gemeinschaftliche Schritte f\u00fcr eine nachhaltige Entwicklung einzuleiten.<\/p><p>In der Umsetzung wird auch im Hinblick auf die Vorbildfunktion auf die Nachhaltigkeit des Projekts geachtet. So soll ressourcenschonend gearbeitet werden und damit m\u00f6glichst mit den Mitteln, die uns zur Verf\u00fcgung stehen, so wenig wie m\u00f6glich Plastik zum Einsatz kommen, die regionale Wertsch\u00f6pfung unterst\u00fctzt und nachhaltige M\u00f6glichkeiten gefunden werden. Es gilt den Menschen M\u00f6glichkeiten aufzuzeigen, wie mit einfachen Mitteln schonend und verbunden mit der Natur umgegangen werden kann. Dabei ist Jeder willkommen, der Interesse zeigt, um sich das was ihm im Leben weiterbringt, abzuholen.<\/p>\t\t\t\t\t\t\t\t<\/div>\n\t\t\t\t<\/div>\n\t\t\t\t\t<\/div>\n\t\t<\/div>\n\t\t\t\t\t<\/div>\n\t\t<\/section>\n\t\t\t\t\t<\/div>\n\t\t<\/div>\n\t\t\t\t\t<\/div>\n\t\t<\/section>\n\t\t\t\t<\/div>","protected":false},"excerpt":{"rendered":"<p>Aus einer Kleingartenanlage sollen naturnahe G\u00e4rten entstehen, welche den Erhalt der Artenvielfalt unterst\u00fctzen.<\/p>","protected":false},"author":1,"featured_media":7643,"comment_status":"closed","ping_status":"open","sticky":false,"template":"","format":"standard","meta":{"footnotes":""},"categories":[60],"tags":[],"class_list":["post-4829","post","type-post","status-publish","format-standard","has-post-thumbnail","hentry","category-projekte-2021"],"_links":{"self":[{"href":"https:\/\/www.ifzw-impulsstiftung.de\/en\/wp-json\/wp\/v2\/posts\/4829","targetHints":{"allow":["GET"]}}],"collection":[{"href":"https:\/\/www.ifzw-impulsstiftung.de\/en\/wp-json\/wp\/v2\/posts"}],"about":[{"href":"https:\/\/www.ifzw-impulsstiftung.de\/en\/wp-json\/wp\/v2\/types\/post"}],"author":[{"embeddable":true,"href":"https:\/\/www.ifzw-impulsstiftung.de\/en\/wp-json\/wp\/v2\/users\/1"}],"replies":[{"embeddable":true,"href":"https:\/\/www.ifzw-impulsstiftung.de\/en\/wp-json\/wp\/v2\/comments?post=4829"}],"version-history":[{"count":0,"href":"https:\/\/www.ifzw-impulsstiftung.de\/en\/wp-json\/wp\/v2\/posts\/4829\/revisions"}],"wp:featuredmedia":[{"embeddable":true,"href":"https:\/\/www.ifzw-impulsstiftung.de\/en\/wp-json\/wp\/v2\/media\/7643"}],"wp:attachment":[{"href":"https:\/\/www.ifzw-impulsstiftung.de\/en\/wp-json\/wp\/v2\/media?parent=4829"}],"wp:term":[{"taxonomy":"category","embeddable":true,"href":"https:\/\/www.ifzw-impulsstiftung.de\/en\/wp-json\/wp\/v2\/categories?post=4829"},{"taxonomy":"post_tag","embeddable":true,"href":"https:\/\/www.ifzw-impulsstiftung.de\/en\/wp-json\/wp\/v2\/tags?post=4829"}],"curies":[{"name":"wp","href":"https:\/\/api.w.org\/{rel}","templated":true}]}}